{"id":5154,"date":"2026-02-24T10:51:16","date_gmt":"2026-02-24T10:51:16","guid":{"rendered":"https:\/\/doca.es\/?p=5154"},"modified":"2026-03-11T18:36:23","modified_gmt":"2026-03-11T18:36:23","slug":"doca-present-au-kbis-2026-aux-cotes-de-neolith-avec-sa-vision-de-la-cuisine-contemporaine","status":"publish","type":"post","link":"https:\/\/doca.es\/fr\/doca-present-au-kbis-2026-aux-cotes-de-neolith-avec-sa-vision-de-la-cuisine-contemporaine\/","title":{"rendered":"DOCA, pr\u00e9sent au KBIS 2026 aux c\u00f4t\u00e9s de Neolith avec sa vision de la cuisine contemporaine."},"content":{"rendered":"\n<div>\n<p>Du 17 au 19 f\u00e9vrier, DOCA a particip\u00e9 avec grand succ\u00e8s au <strong>KBIS 2026<\/strong>; le salon le plus important en Am\u00e9rique du Nord d\u00e9di\u00e9 au design et aux tendances pour les cuisines et salles de bains, qui s\u2019est tenu \u00e0 <strong>Orlando, en Floride<\/strong>. Cet \u00e9v\u00e9nement a r\u00e9uni des milliers de professionnels, fabricants et designers du monde entier venus d\u00e9couvrir les derni\u00e8res solutions en mati\u00e8re de design, d\u2019innovation et de mat\u00e9riaux pour le secteur. <\/p>\n\n\n\n<p>Lors de cette \u00e9dition, DOCA s\u2019est une nouvelle fois distingu\u00e9e par son approche du design de cuisine en pr\u00e9sentant des <strong>espaces qui associent esth\u00e9tique, fonctionnalit\u00e9 et mat\u00e9riaux haut de gamme<\/strong>, capables d\u2019inspirer architectes, architectes d\u2019int\u00e9rieur et clients exigeants.<\/p>\n\n\n\n<div class=\"gb-element-298e78a8\">\n<div class=\"gb-element-e43e9836\">\n<div class=\"gb-element-485d66df\">\n<div>\n<figure class=\"wp-block-image size-full\"><img loading=\"lazy\" decoding=\"async\" width=\"1100\" height=\"733\" src=\"https:\/\/doca.es\/wp-content\/uploads\/2026\/02\/kbis-325.jpg\" alt=\"\" class=\"wp-image-5029\" srcset=\"https:\/\/doca.es\/wp-content\/uploads\/2026\/02\/kbis-325.jpg 1100w, https:\/\/doca.es\/wp-content\/uploads\/2026\/02\/kbis-325-1024x682.jpg 1024w\" sizes=\"auto, (max-width: 1100px) 100vw, 1100px\" \/><\/figure>\n\n\n\n<div class=\"gb-element-197e2cc5\"><\/div>\n<\/div>\n<\/div>\n\n\n\n<div class=\"gb-element-20b10bf9\">\n<p class=\"gb-text gb-text-505aa53d\">DOCA a partag\u00e9 son stand avec son partenaire strat\u00e9gique Neolith pour la <strong>quatri\u00e8me ann\u00e9e cons\u00e9cutive,<\/strong> renfor\u00e7ant une collaboration qui associe <strong>mobilier de cuisine exclusif et surfaces techniques haute performance.<\/strong> Cette proposition commune a d\u00e9montr\u00e9 non seulement l\u2019int\u00e9gration des mat\u00e9riaux, mais aussi la mani\u00e8re dont ils peuvent transformer les espaces de cuisine en environnements fluides, coh\u00e9rents et personnalis\u00e9s. <\/p>\n\n\n\n<p class=\"gb-text gb-text-eefc6cb5\">Le KBIS 2026 a r\u00e9uni plus de <strong>650 exposants leaders du secteur<\/strong>, faisant de cet \u00e9v\u00e9nement une opportunit\u00e9 unique de partage de connaissances, de d\u00e9couverte des tendances mondiales et de renforcement des relations professionnelles.<\/p>\n\n\n\n<p>Pour DOCA, participer au KBIS ne signifiait pas seulement pr\u00e9senter ses derni\u00e8res propositions de design, mais aussi <strong>\u00e9tablir des liens avec des clients, prescripteurs et partenaires internationaux<\/strong>, consolidant ainsi son positionnement dans le secteur des cuisines de luxe.<\/p>\n<\/div>\n<\/div>\n<\/div>\n\n\n\n<h2 class=\"gb-text gb-text-0f26accb\">Regard vers l\u2019avenir<\/h2>\n\n\n\n<p>L\u2019exp\u00e9rience \u00e0 Orlando a r\u00e9affirm\u00e9 l\u2019engagement de DOCA \u00e0 poursuivre l\u2019exploration de nouvelles id\u00e9es, \u00e0 collaborer avec des marques partageant sa vision et \u00e0 proposer des solutions de cuisine qui r\u00e9pondent aux exigences fonctionnelles actuelles tout en d\u00e9finissant les tendances du design r\u00e9sidentiel et commercial.<\/p>\n\n\n\n<div><\/div>\n\n\n\n<figure class=\"wp-block-image size-large hidden\"><img loading=\"lazy\" decoding=\"async\" width=\"1024\" height=\"682\" src=\"https:\/\/doca.es\/wp-content\/uploads\/2026\/02\/kbis-3-1024x682.jpg\" alt=\"\" class=\"wp-image-4970\" style=\"aspect-ratio:1.5014904500791226;object-fit:cover\" srcset=\"https:\/\/doca.es\/wp-content\/uploads\/2026\/02\/kbis-3-1024x682.jpg 1024w, https:\/\/doca.es\/wp-content\/uploads\/2026\/02\/kbis-3.jpg 1100w\" sizes=\"auto, (max-width: 1024px) 100vw, 1024px\" \/><\/figure>\n\n\n\n<figure class=\"wp-block-embed is-type-video is-provider-youtube wp-block-embed-youtube wp-embed-aspect-16-9 wp-has-aspect-ratio\" style=\"margin-top:var(--wp--preset--spacing--40);margin-right:0;margin-bottom:var(--wp--preset--spacing--40);margin-left:0\"><div class=\"wp-block-embed__wrapper\">\n<iframe loading=\"lazy\" title=\"Neolith at KBIS 2026\" width=\"500\" height=\"281\" src=\"https:\/\/www.youtube.com\/embed\/z4UdiY_FMSU?start=4&#038;feature=oembed\" frameborder=\"0\" allow=\"accelerometer; autoplay; clipboard-write; encrypted-media; gyroscope; picture-in-picture; web-share\" referrerpolicy=\"strict-origin-when-cross-origin\" allowfullscreen><\/iframe>\n<\/div><\/figure>\n\n\n\n<p>Le KBIS 2026 s\u2019est une fois de plus affirm\u00e9 comme le grand point de rencontre du secteur de la cuisine et de la salle de bains en Am\u00e9rique du Nord, enregistrant <strong>une forte affluence de professionnels et de visiteurs internationaux <\/strong>durant les trois journ\u00e9es du salon. Architectes, architectes d\u2019int\u00e9rieur, distributeurs et fabricants ont parcouru les espaces d\u2019exposition \u00e0 la recherche d\u2019innovation, de nouvelles tendances et d\u2019opportunit\u00e9s de collaboration strat\u00e9gique. <\/p>\n\n\n\n<p>L\u2019\u00e9dition de cette ann\u00e9e a \u00e9galement compt\u00e9 sur la pr\u00e9sence de personnalit\u00e9s \u00e0 forte notori\u00e9t\u00e9 m\u00e9diatique telles que <strong>Drew Scott et Jonathan Scott<\/strong>, connus internationalement comme les <em>Property Brothers<\/em> et animateurs de l\u2019un des programmes de r\u00e9novation et de design les plus populaires de la t\u00e9l\u00e9vision am\u00e9ricaine. Leur participation a suscit\u00e9 un grand int\u00e9r\u00eat parmi les visiteurs et a apport\u00e9 une visibilit\u00e9 suppl\u00e9mentaire \u00e0 l\u2019\u00e9v\u00e9nement. <\/p>\n\n\n\n<p>La combinaison d\u2019une forte participation professionnelle et d\u2019une large couverture m\u00e9diatique confirme le KBIS comme une plateforme cl\u00e9 pour les marques qui, comme DOCA, misent sur le march\u00e9 nord-am\u00e9ricain et sur un positionnement solide dans le segment de la cuisine haut de gamme.<\/p>\n\n\n\n<p>L\u2019exp\u00e9rience \u00e0 Orlando a r\u00e9affirm\u00e9 l\u2019engagement de DOCA \u00e0 poursuivre l\u2019exploration de nouvelles id\u00e9es, \u00e0 collaborer avec des marques partageant sa vision et \u00e0 proposer des solutions de cuisine qui r\u00e9pondent aux exigences fonctionnelles actuelles tout en d\u00e9finissant les tendances du design r\u00e9sidentiel et commercial.<\/p>\n<\/div>\n\n<div class=\"gb-element-4f0a9db9\">\n<div class=\"gb-element-7175746e\" style=\"--inline-bg-image: url(https:\/\/doca.es\/wp-content\/uploads\/2026\/02\/Neolith_KBIS_DOCA_02-1526-1-scaled.jpg)\"><\/div>\n\n\n\n<div class=\"gb-element-46b4e6fb\" style=\"--inline-bg-image: url(https:\/\/doca.es\/wp-content\/uploads\/2026\/02\/kbis-doca.jpg)\"><\/div>\n\n\n\n<div class=\"gb-element-a1443f5b\" style=\"--inline-bg-image: url(https:\/\/doca.es\/wp-content\/uploads\/2026\/02\/DSC055152563-25-scaled.jpg)\"><\/div>\n<\/div>\n\n<div><\/div>\n\n<h2 class=\"gb-text gb-text-6ad6e64b\"><strong>LUXURY, EUROPEAN, FULLY CUSTOM. DOCA <\/strong><\/h2>\n\n<p><\/p>\n","protected":false},"excerpt":{"rendered":"<p>Du 17 au 19 f\u00e9vrier, DOCA a particip\u00e9 avec grand succ\u00e8s au KBIS 2026; le salon le plus important en Am\u00e9rique du Nord d\u00e9di\u00e9 au design et aux tendances pour les cuisines et salles de bains, qui s\u2019est tenu \u00e0 Orlando, en Floride. Cet \u00e9v\u00e9nement a r\u00e9uni des milliers de professionnels, fabricants et designers du [&hellip;]<\/p>\n","protected":false},"author":2,"featured_media":5143,"comment_status":"open","ping_status":"open","sticky":false,"template":"","format":"standard","meta":{"footnotes":""},"categories":[27],"tags":[],"class_list":["post-5154","post","type-post","status-publish","format-standard","has-post-thumbnail","hentry","category-actualites"],"yoast_head":"<!-- This site is optimized with the Yoast SEO plugin v26.3 - https:\/\/yoast.com\/wordpress\/plugins\/seo\/ -->\n<title>DOCA, pr\u00e9sent au KBIS 2026 aux c\u00f4t\u00e9s de Neolith avec sa vision de la cuisine contemporaine. - DOCA<\/title>\n<meta name=\"robots\" content=\"index, follow, max-snippet:-1, max-image-preview:large, max-video-preview:-1\" \/>\n<link rel=\"canonical\" href=\"https:\/\/doca.es\/fr\/doca-present-au-kbis-2026-aux-cotes-de-neolith-avec-sa-vision-de-la-cuisine-contemporaine\/\" \/>\n<meta property=\"og:locale\" content=\"fr_FR\" \/>\n<meta property=\"og:type\" content=\"article\" \/>\n<meta property=\"og:title\" content=\"DOCA, pr\u00e9sent au KBIS 2026 aux c\u00f4t\u00e9s de Neolith avec sa vision de la cuisine contemporaine. - DOCA\" \/>\n<meta property=\"og:description\" content=\"Du 17 au 19 f\u00e9vrier, DOCA a particip\u00e9 avec grand succ\u00e8s au KBIS 2026; le salon le plus important en Am\u00e9rique du Nord d\u00e9di\u00e9 au design et aux tendances pour les cuisines et salles de bains, qui s\u2019est tenu \u00e0 Orlando, en Floride. Cet \u00e9v\u00e9nement a r\u00e9uni des milliers de professionnels, fabricants et designers du [&hellip;]\" \/>\n<meta property=\"og:url\" content=\"https:\/\/doca.es\/fr\/doca-present-au-kbis-2026-aux-cotes-de-neolith-avec-sa-vision-de-la-cuisine-contemporaine\/\" \/>\n<meta property=\"og:site_name\" content=\"DOCA\" \/>\n<meta property=\"article:published_time\" content=\"2026-02-24T10:51:16+00:00\" \/>\n<meta property=\"article:modified_time\" content=\"2026-03-11T18:36:23+00:00\" \/>\n<meta property=\"og:image\" content=\"https:\/\/doca.es\/wp-content\/uploads\/2026\/02\/NEO-62-1256-25-scaled.jpg\" \/>\n\t<meta property=\"og:image:width\" content=\"2560\" \/>\n\t<meta property=\"og:image:height\" content=\"1315\" \/>\n\t<meta property=\"og:image:type\" content=\"image\/jpeg\" \/>\n<meta name=\"author\" content=\"Karen\" \/>\n<meta name=\"twitter:card\" content=\"summary_large_image\" \/>\n<meta name=\"twitter:label1\" content=\"\u00c9crit par\" \/>\n\t<meta name=\"twitter:data1\" content=\"Karen\" \/>\n\t<meta name=\"twitter:label2\" content=\"Dur\u00e9e de lecture estim\u00e9e\" \/>\n\t<meta name=\"twitter:data2\" content=\"3 minutes\" \/>\n<script type=\"application\/ld+json\" class=\"yoast-schema-graph\">{\"@context\":\"https:\/\/schema.org\",\"@graph\":[{\"@type\":\"Article\",\"@id\":\"https:\/\/doca.es\/fr\/doca-present-au-kbis-2026-aux-cotes-de-neolith-avec-sa-vision-de-la-cuisine-contemporaine\/#article\",\"isPartOf\":{\"@id\":\"https:\/\/doca.es\/fr\/doca-present-au-kbis-2026-aux-cotes-de-neolith-avec-sa-vision-de-la-cuisine-contemporaine\/\"},\"author\":{\"name\":\"Karen\",\"@id\":\"https:\/\/doca.es\/fr\/#\/schema\/person\/0c5a655bf2882642abec5ec63084cc4c\"},\"headline\":\"DOCA, pr\u00e9sent au KBIS 2026 aux c\u00f4t\u00e9s de Neolith avec sa vision de la cuisine contemporaine.\",\"datePublished\":\"2026-02-24T10:51:16+00:00\",\"dateModified\":\"2026-03-11T18:36:23+00:00\",\"mainEntityOfPage\":{\"@id\":\"https:\/\/doca.es\/fr\/doca-present-au-kbis-2026-aux-cotes-de-neolith-avec-sa-vision-de-la-cuisine-contemporaine\/\"},\"wordCount\":613,\"commentCount\":0,\"publisher\":{\"@id\":\"https:\/\/doca.es\/fr\/#organization\"},\"image\":{\"@id\":\"https:\/\/doca.es\/fr\/doca-present-au-kbis-2026-aux-cotes-de-neolith-avec-sa-vision-de-la-cuisine-contemporaine\/#primaryimage\"},\"thumbnailUrl\":\"https:\/\/doca.es\/wp-content\/uploads\/2026\/02\/NEO-62-1256-25-scaled.jpg\",\"articleSection\":[\"Actualit\u00e9s\"],\"inLanguage\":\"fr-FR\",\"potentialAction\":[{\"@type\":\"CommentAction\",\"name\":\"Comment\",\"target\":[\"https:\/\/doca.es\/fr\/doca-present-au-kbis-2026-aux-cotes-de-neolith-avec-sa-vision-de-la-cuisine-contemporaine\/#respond\"]}]},{\"@type\":\"WebPage\",\"@id\":\"https:\/\/doca.es\/fr\/doca-present-au-kbis-2026-aux-cotes-de-neolith-avec-sa-vision-de-la-cuisine-contemporaine\/\",\"url\":\"https:\/\/doca.es\/fr\/doca-present-au-kbis-2026-aux-cotes-de-neolith-avec-sa-vision-de-la-cuisine-contemporaine\/\",\"name\":\"DOCA, pr\u00e9sent au KBIS 2026 aux c\u00f4t\u00e9s de Neolith avec sa vision de la cuisine contemporaine. - DOCA\",\"isPartOf\":{\"@id\":\"https:\/\/doca.es\/fr\/#website\"},\"primaryImageOfPage\":{\"@id\":\"https:\/\/doca.es\/fr\/doca-present-au-kbis-2026-aux-cotes-de-neolith-avec-sa-vision-de-la-cuisine-contemporaine\/#primaryimage\"},\"image\":{\"@id\":\"https:\/\/doca.es\/fr\/doca-present-au-kbis-2026-aux-cotes-de-neolith-avec-sa-vision-de-la-cuisine-contemporaine\/#primaryimage\"},\"thumbnailUrl\":\"https:\/\/doca.es\/wp-content\/uploads\/2026\/02\/NEO-62-1256-25-scaled.jpg\",\"datePublished\":\"2026-02-24T10:51:16+00:00\",\"dateModified\":\"2026-03-11T18:36:23+00:00\",\"breadcrumb\":{\"@id\":\"https:\/\/doca.es\/fr\/doca-present-au-kbis-2026-aux-cotes-de-neolith-avec-sa-vision-de-la-cuisine-contemporaine\/#breadcrumb\"},\"inLanguage\":\"fr-FR\",\"potentialAction\":[{\"@type\":\"ReadAction\",\"target\":[\"https:\/\/doca.es\/fr\/doca-present-au-kbis-2026-aux-cotes-de-neolith-avec-sa-vision-de-la-cuisine-contemporaine\/\"]}]},{\"@type\":\"ImageObject\",\"inLanguage\":\"fr-FR\",\"@id\":\"https:\/\/doca.es\/fr\/doca-present-au-kbis-2026-aux-cotes-de-neolith-avec-sa-vision-de-la-cuisine-contemporaine\/#primaryimage\",\"url\":\"https:\/\/doca.es\/wp-content\/uploads\/2026\/02\/NEO-62-1256-25-scaled.jpg\",\"contentUrl\":\"https:\/\/doca.es\/wp-content\/uploads\/2026\/02\/NEO-62-1256-25-scaled.jpg\",\"width\":2560,\"height\":1315},{\"@type\":\"BreadcrumbList\",\"@id\":\"https:\/\/doca.es\/fr\/doca-present-au-kbis-2026-aux-cotes-de-neolith-avec-sa-vision-de-la-cuisine-contemporaine\/#breadcrumb\",\"itemListElement\":[{\"@type\":\"ListItem\",\"position\":1,\"name\":\"Portada\",\"item\":\"https:\/\/doca.es\/fr\/\"},{\"@type\":\"ListItem\",\"position\":2,\"name\":\"DOCA, pr\u00e9sent au KBIS 2026 aux c\u00f4t\u00e9s de Neolith avec sa vision de la cuisine contemporaine.\"}]},{\"@type\":\"WebSite\",\"@id\":\"https:\/\/doca.es\/fr\/#website\",\"url\":\"https:\/\/doca.es\/fr\/\",\"name\":\"DOCA\",\"description\":\"\",\"publisher\":{\"@id\":\"https:\/\/doca.es\/fr\/#organization\"},\"potentialAction\":[{\"@type\":\"SearchAction\",\"target\":{\"@type\":\"EntryPoint\",\"urlTemplate\":\"https:\/\/doca.es\/fr\/?s={search_term_string}\"},\"query-input\":{\"@type\":\"PropertyValueSpecification\",\"valueRequired\":true,\"valueName\":\"search_term_string\"}}],\"inLanguage\":\"fr-FR\"},{\"@type\":\"Organization\",\"@id\":\"https:\/\/doca.es\/fr\/#organization\",\"name\":\"DOCA\",\"url\":\"https:\/\/doca.es\/fr\/\",\"logo\":{\"@type\":\"ImageObject\",\"inLanguage\":\"fr-FR\",\"@id\":\"https:\/\/doca.es\/fr\/#\/schema\/logo\/image\/\",\"url\":\"https:\/\/doca.es\/wp-content\/uploads\/2025\/05\/8dea829647f4d10c34600eac19f9dc7ee6b48f88-1-scaled.png\",\"contentUrl\":\"https:\/\/doca.es\/wp-content\/uploads\/2025\/05\/8dea829647f4d10c34600eac19f9dc7ee6b48f88-1-scaled.png\",\"width\":2560,\"height\":771,\"caption\":\"DOCA\"},\"image\":{\"@id\":\"https:\/\/doca.es\/fr\/#\/schema\/logo\/image\/\"}},{\"@type\":\"Person\",\"@id\":\"https:\/\/doca.es\/fr\/#\/schema\/person\/0c5a655bf2882642abec5ec63084cc4c\",\"name\":\"Karen\",\"image\":{\"@type\":\"ImageObject\",\"inLanguage\":\"fr-FR\",\"@id\":\"https:\/\/doca.es\/fr\/#\/schema\/person\/image\/\",\"url\":\"https:\/\/secure.gravatar.com\/avatar\/41052a51e76acf80d3e7efb0c2e0861cbd4d9e2097d7586994ad85aa4bcc6e53?s=96&d=mm&r=g\",\"contentUrl\":\"https:\/\/secure.gravatar.com\/avatar\/41052a51e76acf80d3e7efb0c2e0861cbd4d9e2097d7586994ad85aa4bcc6e53?s=96&d=mm&r=g\",\"caption\":\"Karen\"},\"url\":\"https:\/\/doca.es\/fr\/author\/karen\/\"}]}<\/script>\n<!-- \/ Yoast SEO plugin. -->","yoast_head_json":{"title":"DOCA, pr\u00e9sent au KBIS 2026 aux c\u00f4t\u00e9s de Neolith avec sa vision de la cuisine contemporaine. - DOCA","robots":{"index":"index","follow":"follow","max-snippet":"max-snippet:-1","max-image-preview":"max-image-preview:large","max-video-preview":"max-video-preview:-1"},"canonical":"https:\/\/doca.es\/fr\/doca-present-au-kbis-2026-aux-cotes-de-neolith-avec-sa-vision-de-la-cuisine-contemporaine\/","og_locale":"fr_FR","og_type":"article","og_title":"DOCA, pr\u00e9sent au KBIS 2026 aux c\u00f4t\u00e9s de Neolith avec sa vision de la cuisine contemporaine. - DOCA","og_description":"Du 17 au 19 f\u00e9vrier, DOCA a particip\u00e9 avec grand succ\u00e8s au KBIS 2026; le salon le plus important en Am\u00e9rique du Nord d\u00e9di\u00e9 au design et aux tendances pour les cuisines et salles de bains, qui s\u2019est tenu \u00e0 Orlando, en Floride. Cet \u00e9v\u00e9nement a r\u00e9uni des milliers de professionnels, fabricants et designers du [&hellip;]","og_url":"https:\/\/doca.es\/fr\/doca-present-au-kbis-2026-aux-cotes-de-neolith-avec-sa-vision-de-la-cuisine-contemporaine\/","og_site_name":"DOCA","article_published_time":"2026-02-24T10:51:16+00:00","article_modified_time":"2026-03-11T18:36:23+00:00","og_image":[{"width":2560,"height":1315,"url":"https:\/\/doca.es\/wp-content\/uploads\/2026\/02\/NEO-62-1256-25-scaled.jpg","type":"image\/jpeg"}],"author":"Karen","twitter_card":"summary_large_image","twitter_misc":{"\u00c9crit par":"Karen","Dur\u00e9e de lecture estim\u00e9e":"3 minutes"},"schema":{"@context":"https:\/\/schema.org","@graph":[{"@type":"Article","@id":"https:\/\/doca.es\/fr\/doca-present-au-kbis-2026-aux-cotes-de-neolith-avec-sa-vision-de-la-cuisine-contemporaine\/#article","isPartOf":{"@id":"https:\/\/doca.es\/fr\/doca-present-au-kbis-2026-aux-cotes-de-neolith-avec-sa-vision-de-la-cuisine-contemporaine\/"},"author":{"name":"Karen","@id":"https:\/\/doca.es\/fr\/#\/schema\/person\/0c5a655bf2882642abec5ec63084cc4c"},"headline":"DOCA, pr\u00e9sent au KBIS 2026 aux c\u00f4t\u00e9s de Neolith avec sa vision de la cuisine contemporaine.","datePublished":"2026-02-24T10:51:16+00:00","dateModified":"2026-03-11T18:36:23+00:00","mainEntityOfPage":{"@id":"https:\/\/doca.es\/fr\/doca-present-au-kbis-2026-aux-cotes-de-neolith-avec-sa-vision-de-la-cuisine-contemporaine\/"},"wordCount":613,"commentCount":0,"publisher":{"@id":"https:\/\/doca.es\/fr\/#organization"},"image":{"@id":"https:\/\/doca.es\/fr\/doca-present-au-kbis-2026-aux-cotes-de-neolith-avec-sa-vision-de-la-cuisine-contemporaine\/#primaryimage"},"thumbnailUrl":"https:\/\/doca.es\/wp-content\/uploads\/2026\/02\/NEO-62-1256-25-scaled.jpg","articleSection":["Actualit\u00e9s"],"inLanguage":"fr-FR","potentialAction":[{"@type":"CommentAction","name":"Comment","target":["https:\/\/doca.es\/fr\/doca-present-au-kbis-2026-aux-cotes-de-neolith-avec-sa-vision-de-la-cuisine-contemporaine\/#respond"]}]},{"@type":"WebPage","@id":"https:\/\/doca.es\/fr\/doca-present-au-kbis-2026-aux-cotes-de-neolith-avec-sa-vision-de-la-cuisine-contemporaine\/","url":"https:\/\/doca.es\/fr\/doca-present-au-kbis-2026-aux-cotes-de-neolith-avec-sa-vision-de-la-cuisine-contemporaine\/","name":"DOCA, pr\u00e9sent au KBIS 2026 aux c\u00f4t\u00e9s de Neolith avec sa vision de la cuisine contemporaine. - DOCA","isPartOf":{"@id":"https:\/\/doca.es\/fr\/#website"},"primaryImageOfPage":{"@id":"https:\/\/doca.es\/fr\/doca-present-au-kbis-2026-aux-cotes-de-neolith-avec-sa-vision-de-la-cuisine-contemporaine\/#primaryimage"},"image":{"@id":"https:\/\/doca.es\/fr\/doca-present-au-kbis-2026-aux-cotes-de-neolith-avec-sa-vision-de-la-cuisine-contemporaine\/#primaryimage"},"thumbnailUrl":"https:\/\/doca.es\/wp-content\/uploads\/2026\/02\/NEO-62-1256-25-scaled.jpg","datePublished":"2026-02-24T10:51:16+00:00","dateModified":"2026-03-11T18:36:23+00:00","breadcrumb":{"@id":"https:\/\/doca.es\/fr\/doca-present-au-kbis-2026-aux-cotes-de-neolith-avec-sa-vision-de-la-cuisine-contemporaine\/#breadcrumb"},"inLanguage":"fr-FR","potentialAction":[{"@type":"ReadAction","target":["https:\/\/doca.es\/fr\/doca-present-au-kbis-2026-aux-cotes-de-neolith-avec-sa-vision-de-la-cuisine-contemporaine\/"]}]},{"@type":"ImageObject","inLanguage":"fr-FR","@id":"https:\/\/doca.es\/fr\/doca-present-au-kbis-2026-aux-cotes-de-neolith-avec-sa-vision-de-la-cuisine-contemporaine\/#primaryimage","url":"https:\/\/doca.es\/wp-content\/uploads\/2026\/02\/NEO-62-1256-25-scaled.jpg","contentUrl":"https:\/\/doca.es\/wp-content\/uploads\/2026\/02\/NEO-62-1256-25-scaled.jpg","width":2560,"height":1315},{"@type":"BreadcrumbList","@id":"https:\/\/doca.es\/fr\/doca-present-au-kbis-2026-aux-cotes-de-neolith-avec-sa-vision-de-la-cuisine-contemporaine\/#breadcrumb","itemListElement":[{"@type":"ListItem","position":1,"name":"Portada","item":"https:\/\/doca.es\/fr\/"},{"@type":"ListItem","position":2,"name":"DOCA, pr\u00e9sent au KBIS 2026 aux c\u00f4t\u00e9s de Neolith avec sa vision de la cuisine contemporaine."}]},{"@type":"WebSite","@id":"https:\/\/doca.es\/fr\/#website","url":"https:\/\/doca.es\/fr\/","name":"DOCA","description":"","publisher":{"@id":"https:\/\/doca.es\/fr\/#organization"},"potentialAction":[{"@type":"SearchAction","target":{"@type":"EntryPoint","urlTemplate":"https:\/\/doca.es\/fr\/?s={search_term_string}"},"query-input":{"@type":"PropertyValueSpecification","valueRequired":true,"valueName":"search_term_string"}}],"inLanguage":"fr-FR"},{"@type":"Organization","@id":"https:\/\/doca.es\/fr\/#organization","name":"DOCA","url":"https:\/\/doca.es\/fr\/","logo":{"@type":"ImageObject","inLanguage":"fr-FR","@id":"https:\/\/doca.es\/fr\/#\/schema\/logo\/image\/","url":"https:\/\/doca.es\/wp-content\/uploads\/2025\/05\/8dea829647f4d10c34600eac19f9dc7ee6b48f88-1-scaled.png","contentUrl":"https:\/\/doca.es\/wp-content\/uploads\/2025\/05\/8dea829647f4d10c34600eac19f9dc7ee6b48f88-1-scaled.png","width":2560,"height":771,"caption":"DOCA"},"image":{"@id":"https:\/\/doca.es\/fr\/#\/schema\/logo\/image\/"}},{"@type":"Person","@id":"https:\/\/doca.es\/fr\/#\/schema\/person\/0c5a655bf2882642abec5ec63084cc4c","name":"Karen","image":{"@type":"ImageObject","inLanguage":"fr-FR","@id":"https:\/\/doca.es\/fr\/#\/schema\/person\/image\/","url":"https:\/\/secure.gravatar.com\/avatar\/41052a51e76acf80d3e7efb0c2e0861cbd4d9e2097d7586994ad85aa4bcc6e53?s=96&d=mm&r=g","contentUrl":"https:\/\/secure.gravatar.com\/avatar\/41052a51e76acf80d3e7efb0c2e0861cbd4d9e2097d7586994ad85aa4bcc6e53?s=96&d=mm&r=g","caption":"Karen"},"url":"https:\/\/doca.es\/fr\/author\/karen\/"}]}},"_links":{"self":[{"href":"https:\/\/doca.es\/fr\/wp-json\/wp\/v2\/posts\/5154","targetHints":{"allow":["GET"]}}],"collection":[{"href":"https:\/\/doca.es\/fr\/wp-json\/wp\/v2\/posts"}],"about":[{"href":"https:\/\/doca.es\/fr\/wp-json\/wp\/v2\/types\/post"}],"author":[{"embeddable":true,"href":"https:\/\/doca.es\/fr\/wp-json\/wp\/v2\/users\/2"}],"replies":[{"embeddable":true,"href":"https:\/\/doca.es\/fr\/wp-json\/wp\/v2\/comments?post=5154"}],"version-history":[{"count":3,"href":"https:\/\/doca.es\/fr\/wp-json\/wp\/v2\/posts\/5154\/revisions"}],"predecessor-version":[{"id":5165,"href":"https:\/\/doca.es\/fr\/wp-json\/wp\/v2\/posts\/5154\/revisions\/5165"}],"wp:featuredmedia":[{"embeddable":true,"href":"https:\/\/doca.es\/fr\/wp-json\/wp\/v2\/media\/5143"}],"wp:attachment":[{"href":"https:\/\/doca.es\/fr\/wp-json\/wp\/v2\/media?parent=5154"}],"wp:term":[{"taxonomy":"category","embeddable":true,"href":"https:\/\/doca.es\/fr\/wp-json\/wp\/v2\/categories?post=5154"},{"taxonomy":"post_tag","embeddable":true,"href":"https:\/\/doca.es\/fr\/wp-json\/wp\/v2\/tags?post=5154"}],"curies":[{"name":"wp","href":"https:\/\/api.w.org\/{rel}","templated":true}]}}